{"id":5488,"date":"2023-08-25T10:37:32","date_gmt":"2023-08-25T15:37:32","guid":{"rendered":"https:\/\/concejodequibdo.gov.co\/sitio\/?p=5488"},"modified":"2023-08-25T10:37:32","modified_gmt":"2023-08-25T15:37:32","slug":"listado-de-admitidos-para-proveer-el-cargo-de-personero-municipal-de-quibdo-para-el-periodo-constitucional-comprendido-entre-el-01-de-marzo-de-2024-y-el-29-de-febrero-de-2028","status":"publish","type":"post","link":"https:\/\/concejodequibdo.gov.co\/sitio\/2023\/08\/25\/listado-de-admitidos-para-proveer-el-cargo-de-personero-municipal-de-quibdo-para-el-periodo-constitucional-comprendido-entre-el-01-de-marzo-de-2024-y-el-29-de-febrero-de-2028\/","title":{"rendered":"Listado de admitidos para proveer el cargo de personero municipal de Quibd\u00f3, para el periodo constitucional comprendido entre el 01 de marzo de 2024 y el 29 de febrero de 2028."},"content":{"rendered":"\n<p>A continuaci\u00f3n encontrar\u00e1 el Listado de admitidos para proveer el cargo de personero municipal de Quibd\u00f3, para el periodo constitucional comprendido entre el 01 de marzo de 2024 y el 29 de febrero de 2028.<\/p>\n\n\n\n<p><\/p>\n\n\n\n<p><a href=\"https:\/\/concejodequibdo.gov.co\/sitio\/convocatorias-2\/\" data-type=\"page\" data-id=\"3525\">Ver Listado de Admitidos<\/a><\/p>\n","protected":false},"excerpt":{"rendered":"<p>A continuaci\u00f3n encontrar\u00e1 el Listado de admitidos para proveer el cargo de personero municipal de Quibd\u00f3, para el periodo constitucional comprendido entre el 01 de marzo de 2024 y el 29 de febrero de 2028. Ver Listado de Admitidos<\/p>\n","protected":false},"author":1,"featured_media":5489,"comment_status":"open","ping_status":"open","sticky":false,"template":"","format":"aside","meta":{"footnotes":""},"categories":[37,35,33],"tags":[],"class_list":["post-5488","post","type-post","status-publish","format-aside","has-post-thumbnail","hentry","category-actualidad","category-convocatoria","category-noticias","post_format-post-format-aside"],"_links":{"self":[{"href":"https:\/\/concejodequibdo.gov.co\/sitio\/wp-json\/wp\/v2\/posts\/5488","targetHints":{"allow":["GET"]}}],"collection":[{"href":"https:\/\/concejodequibdo.gov.co\/sitio\/wp-json\/wp\/v2\/posts"}],"about":[{"href":"https:\/\/concejodequibdo.gov.co\/sitio\/wp-json\/wp\/v2\/types\/post"}],"author":[{"embeddable":true,"href":"https:\/\/concejodequibdo.gov.co\/sitio\/wp-json\/wp\/v2\/users\/1"}],"replies":[{"embeddable":true,"href":"https:\/\/concejodequibdo.gov.co\/sitio\/wp-json\/wp\/v2\/comments?post=5488"}],"version-history":[{"count":0,"href":"https:\/\/concejodequibdo.gov.co\/sitio\/wp-json\/wp\/v2\/posts\/5488\/revisions"}],"wp:featuredmedia":[{"embeddable":true,"href":"https:\/\/concejodequibdo.gov.co\/sitio\/wp-json\/wp\/v2\/media\/5489"}],"wp:attachment":[{"href":"https:\/\/concejodequibdo.gov.co\/sitio\/wp-json\/wp\/v2\/media?parent=5488"}],"wp:term":[{"taxonomy":"category","embeddable":true,"href":"https:\/\/concejodequibdo.gov.co\/sitio\/wp-json\/wp\/v2\/categories?post=5488"},{"taxonomy":"post_tag","embeddable":true,"href":"https:\/\/concejodequibdo.gov.co\/sitio\/wp-json\/wp\/v2\/tags?post=5488"}],"curies":[{"name":"wp","href":"https:\/\/api.w.org\/{rel}","templated":true}]}}