{"id":5926,"date":"2024-11-05T21:00:14","date_gmt":"2024-11-06T02:00:14","guid":{"rendered":"https:\/\/concejodequibdo.gov.co\/sitio\/?p=5926"},"modified":"2024-11-05T21:19:18","modified_gmt":"2024-11-06T02:19:18","slug":"mesa-directiva-concejo-municipal-de-quibdo-2025","status":"publish","type":"post","link":"https:\/\/concejodequibdo.gov.co\/sitio\/2024\/11\/05\/mesa-directiva-concejo-municipal-de-quibdo-2025\/","title":{"rendered":"Mesa Directiva Concejo Municipal de Quibd\u00f3 2025"},"content":{"rendered":"\t\t<div data-elementor-type=\"wp-post\" data-elementor-id=\"5926\" class=\"elementor elementor-5926\">\n\t\t\t\t\t\t<section class=\"elementor-section elementor-top-section elementor-element elementor-element-5846e0d elementor-section-boxed elementor-section-height-default elementor-section-height-default\" data-id=\"5846e0d\" data-element_type=\"section\">\n\t\t\t\t\t\t<div class=\"elementor-container elementor-column-gap-default\">\n\t\t\t\t\t<div class=\"elementor-column elementor-col-100 elementor-top-column elementor-element elementor-element-bdf74db\" data-id=\"bdf74db\" data-element_type=\"column\">\n\t\t\t<div class=\"elementor-widget-wrap elementor-element-populated\">\n\t\t\t\t\t\t<div class=\"elementor-element elementor-element-bf5adba elementor-widget elementor-widget-text-editor\" data-id=\"bf5adba\" data-element_type=\"widget\" data-widget_type=\"text-editor.default\">\n\t\t\t\t<div class=\"elementor-widget-container\">\n\t\t\t\t\t\t\t\t\t<p>Mesa Directiva Concejo Municipal de Quibd\u00f3 2025.<\/p><p>Hoy, 5 de noviembre, en el recinto del Concejo Municipal de Quibd\u00f3, tuvo lugar la elecci\u00f3n de la Mesa Directiva para la vigencia 2025.<\/p><p>Mesa Directiva 2025<\/p><p>\ud83d\udfe9Presidente: Hiser Heyler Arias Moreno (Partido Pol\u00edtico Conservador)<\/p><p>\ud83d\udfe5Primer Vicepresidente: Hales Yuber Palacios D\u00edaz (Partido Pol\u00edtico ADA)<\/p><p>\ud83d\udfebSegundo Vicepresidente: Juan Carlos Palacios Palacios (Partido Pol\u00edtico Alianza Verde)<\/p><p>Deseamos \u00e9xitos y avances positivos en pro de la comunidad Quibdose\u00f1a, con esta Mesa Directiva como cabeza principal de esta corporaci\u00f3n.<\/p><p>Quibd\u00f3, un sue\u00f1o Posible.<\/p>\t\t\t\t\t\t\t\t<\/div>\n\t\t\t\t<\/div>\n\t\t\t\t\t<\/div>\n\t\t<\/div>\n\t\t\t\t\t<\/div>\n\t\t<\/section>\n\t\t\t\t<section class=\"elementor-section elementor-top-section elementor-element elementor-element-8013284 elementor-section-boxed elementor-section-height-default elementor-section-height-default\" data-id=\"8013284\" data-element_type=\"section\">\n\t\t\t\t\t\t<div class=\"elementor-container elementor-column-gap-default\">\n\t\t\t\t\t<div class=\"elementor-column elementor-col-100 elementor-top-column elementor-element elementor-element-b751dd6\" data-id=\"b751dd6\" data-element_type=\"column\">\n\t\t\t<div class=\"elementor-widget-wrap elementor-element-populated\">\n\t\t\t\t\t\t<div class=\"elementor-element elementor-element-91b678a elementor-arrows-position-inside elementor-pagination-position-outside elementor-widget elementor-widget-image-carousel\" data-id=\"91b678a\" data-element_type=\"widget\" data-settings=\"{&quot;slides_to_show&quot;:&quot;1&quot;,&quot;navigation&quot;:&quot;both&quot;,&quot;autoplay&quot;:&quot;yes&quot;,&quot;pause_on_hover&quot;:&quot;yes&quot;,&quot;pause_on_interaction&quot;:&quot;yes&quot;,&quot;autoplay_speed&quot;:5000,&quot;infinite&quot;:&quot;yes&quot;,&quot;effect&quot;:&quot;slide&quot;,&quot;speed&quot;:500}\" data-widget_type=\"image-carousel.default\">\n\t\t\t\t<div class=\"elementor-widget-container\">\n\t\t\t\t\t\t\t<div class=\"elementor-image-carousel-wrapper swiper\" role=\"region\" aria-roledescription=\"carousel\" aria-label=\"Carrusel de im\u00e1genes\" dir=\"ltr\">\n\t\t\t<div class=\"elementor-image-carousel swiper-wrapper\" aria-live=\"off\">\n\t\t\t\t\t\t\t\t<div class=\"swiper-slide\" role=\"group\" aria-roledescription=\"slide\" aria-label=\"1 of 3\"><figure class=\"swiper-slide-inner\"><img decoding=\"async\" class=\"swiper-slide-image\" src=\"https:\/\/concejodequibdo.gov.co\/sitio\/wp-content\/uploads\/2024\/11\/WhatsApp-Image-2024-11-05-at-8.53.16-PM-1-1.jpeg\" alt=\"Hiser Heyler Arias Moreno (Presidente)\" \/><figcaption class=\"elementor-image-carousel-caption\">Hiser Heyler Arias Moreno (Presidente)<\/figcaption><\/figure><\/div><div class=\"swiper-slide\" role=\"group\" aria-roledescription=\"slide\" aria-label=\"2 of 3\"><figure class=\"swiper-slide-inner\"><img decoding=\"async\" class=\"swiper-slide-image\" src=\"https:\/\/concejodequibdo.gov.co\/sitio\/wp-content\/uploads\/2024\/11\/alex.jpeg\" alt=\"Alex Yuber Palacios Dias (Primer Vicepresidente)\" \/><figcaption class=\"elementor-image-carousel-caption\">Alex Yuber Palacios Dias (Primer Vicepresidente)<\/figcaption><\/figure><\/div><div class=\"swiper-slide\" role=\"group\" aria-roledescription=\"slide\" aria-label=\"3 of 3\"><figure class=\"swiper-slide-inner\"><img decoding=\"async\" class=\"swiper-slide-image\" src=\"https:\/\/concejodequibdo.gov.co\/sitio\/wp-content\/uploads\/2024\/11\/ruso.jpeg\" alt=\"Juan Carlos Palacios Palacios (Segundo Vicepresidente)\" \/><figcaption class=\"elementor-image-carousel-caption\">Juan Carlos Palacios Palacios (Segundo Vicepresidente)<\/figcaption><\/figure><\/div>\t\t\t<\/div>\n\t\t\t\t\t\t\t\t\t\t\t\t<div class=\"elementor-swiper-button elementor-swiper-button-prev\" role=\"button\" tabindex=\"0\">\n\t\t\t\t\t\t<i aria-hidden=\"true\" class=\"eicon-chevron-left\"><\/i>\t\t\t\t\t<\/div>\n\t\t\t\t\t<div class=\"elementor-swiper-button elementor-swiper-button-next\" role=\"button\" tabindex=\"0\">\n\t\t\t\t\t\t<i aria-hidden=\"true\" class=\"eicon-chevron-right\"><\/i>\t\t\t\t\t<\/div>\n\t\t\t\t\n\t\t\t\t\t\t\t\t\t<div class=\"swiper-pagination\"><\/div>\n\t\t\t\t\t\t\t\t\t<\/div>\n\t\t\t\t\t\t<\/div>\n\t\t\t\t<\/div>\n\t\t\t\t\t<\/div>\n\t\t<\/div>\n\t\t\t\t\t<\/div>\n\t\t<\/section>\n\t\t\t\t<\/div>\n\t\t","protected":false},"excerpt":{"rendered":"<p>Mesa Directiva Concejo Municipal de Quibd\u00f3 2025. Hoy, 5 de noviembre, en el recinto del Concejo Municipal de Quibd\u00f3, tuvo lugar la elecci\u00f3n de la Mesa Directiva para la vigencia 2025. Mesa Directiva 2025 \ud83d\udfe9Presidente: Hiser Heyler Arias Moreno (Partido Pol\u00edtico Conservador) \ud83d\udfe5Primer Vicepresidente: Hales Yuber Palacios D\u00edaz (Partido Pol\u00edtico ADA) \ud83d\udfebSegundo Vicepresidente: Juan Carlos Palacios Palacios (Partido Pol\u00edtico Alianza [&hellip;]<\/p>\n","protected":false},"author":1,"featured_media":5932,"comment_status":"open","ping_status":"open","sticky":false,"template":"","format":"aside","meta":{"footnotes":""},"categories":[37,36,33],"tags":[],"class_list":["post-5926","post","type-post","status-publish","format-aside","has-post-thumbnail","hentry","category-actualidad","category-concejales","category-noticias","post_format-post-format-aside"],"_links":{"self":[{"href":"https:\/\/concejodequibdo.gov.co\/sitio\/wp-json\/wp\/v2\/posts\/5926","targetHints":{"allow":["GET"]}}],"collection":[{"href":"https:\/\/concejodequibdo.gov.co\/sitio\/wp-json\/wp\/v2\/posts"}],"about":[{"href":"https:\/\/concejodequibdo.gov.co\/sitio\/wp-json\/wp\/v2\/types\/post"}],"author":[{"embeddable":true,"href":"https:\/\/concejodequibdo.gov.co\/sitio\/wp-json\/wp\/v2\/users\/1"}],"replies":[{"embeddable":true,"href":"https:\/\/concejodequibdo.gov.co\/sitio\/wp-json\/wp\/v2\/comments?post=5926"}],"version-history":[{"count":0,"href":"https:\/\/concejodequibdo.gov.co\/sitio\/wp-json\/wp\/v2\/posts\/5926\/revisions"}],"wp:featuredmedia":[{"embeddable":true,"href":"https:\/\/concejodequibdo.gov.co\/sitio\/wp-json\/wp\/v2\/media\/5932"}],"wp:attachment":[{"href":"https:\/\/concejodequibdo.gov.co\/sitio\/wp-json\/wp\/v2\/media?parent=5926"}],"wp:term":[{"taxonomy":"category","embeddable":true,"href":"https:\/\/concejodequibdo.gov.co\/sitio\/wp-json\/wp\/v2\/categories?post=5926"},{"taxonomy":"post_tag","embeddable":true,"href":"https:\/\/concejodequibdo.gov.co\/sitio\/wp-json\/wp\/v2\/tags?post=5926"}],"curies":[{"name":"wp","href":"https:\/\/api.w.org\/{rel}","templated":true}]}}